{"id":17050,"date":"2025-01-05T23:12:57","date_gmt":"2025-01-05T22:12:57","guid":{"rendered":"https:\/\/sandefjord.katolsk.no\/?p=17050"},"modified":"2026-02-25T13:56:15","modified_gmt":"2026-02-25T12:56:15","slug":"nytt-menighetsrad-i-st-johannes-doperens-menighet-sandefjord","status":"publish","type":"post","link":"https:\/\/sandefjord.katolsk.no\/?p=17050","title":{"rendered":"MENIGHETSR\u00c5DET I ST. JOHANNES D\u00d8PERENS MENIGHET, SANDEFJORD"},"content":{"rendered":"\n<p>Det nye menighetsr\u00e5det ble i desember 2024 valgt for to \u00e5r:<br><br>Sognepresten f. Claes<strong> Tande<\/strong> (formann, som bestemt i <a href=\"https:\/\/www.katolsk.no\/organisasjon\/okb\/regler\/mr\">bisped\u00f8mmets statutter for menighetsr\u00e5d<\/a>)<br><br><strong>Valgte medlemmer<\/strong>:<\/p>\n\n\n\n<p>Vivian Chinyere<strong> Ugwu<\/strong>  (19.mars valgt av medlemmene i menighetsr\u00e5det til leder av r\u00e5det)<\/p>\n\n\n\n<p>Knut <strong>Barra<\/strong><\/p>\n\n\n\n<p>Jonas <strong>Gudelis<\/strong><\/p>\n\n\n\n<p>Aldona Ramut\u00e9<strong> Hansen<\/strong><\/p>\n\n\n\n<p>Hans W.<strong> Hygen<\/strong><\/p>\n\n\n\n<p>Maciej Tomasz<strong> Mucha<\/strong><\/p>\n\n\n\n<p><strong>K<\/strong>rzysztof <strong>Szczepaniak<\/strong><\/p>\n\n\n\n<p><em><strong>Utnevnte av sognepresten:<\/strong><\/em><br><br>Eyob Tekeste<strong> Fisha<\/strong><\/p>\n\n\n\n<p>Lucelia Miranda <strong>Slettingdalen<\/strong><\/p>\n\n\n\n<p>Jean Caryl Antojado <strong>Sumanilog<\/strong><\/p>\n\n\n\n<p>Det ble avgitt 119 stemmer (i 2022: 69 stemmer), med anledning til \u00e5 stemme p\u00e5 inntil syv personer. Hele 41 stemmer (2022; 3) ble forkastet; det var 78 gyldige stemmer (2022: 66). Dette kommenteres nederst. To av de gyldige stemmene var blanke (ingen kandidater var markert p\u00e5 stemmeseddelen.) Tellekomiteen bestod av Anita Voetar og sognepresten, og de telte opp den 2. januar 2025.<\/p>\n\n\n\n<p>De ugyldige stemmene skyldes i stor grad at det var mange som stemte etter en eller to messer der det ikke ble forklart tydelig nok at bare katolikker boende i Sandefjord kommune som hadde stemmerett. En tr\u00f8st er det at de &laquo;forkastede&raquo; stemmene (som ogs\u00e5 ble unders\u00f8kt) ikke ville ha endret utfallet. Og det er hyggelig at noen av v\u00e5re messer p\u00e5 andre spr\u00e5k enn norsk trekker til seg folk fra hele Vestfold og fra Telemark. <\/p>\n\n\n\n<p><\/p>\n\n\n\n<p>Opptellingsresultat:<\/p>\n\n\n\n<figure class=\"wp-block-table\"><table class=\"has-fixed-layout\"><tbody><tr><td>Aldona Ramut\u00e9 <strong>Hansen<\/strong><\/td><td><strong>1959, Litauen<\/strong><\/td><td><strong>38 stemmer<\/strong><\/td><td><strong>Valgt<\/strong><\/td><\/tr><tr><td>Maciej Tomasz <strong>Mucha<\/strong><\/td><td><strong>1987, Polen<\/strong><\/td><td><strong>32<\/strong><\/td><td><strong>Valgt<\/strong><\/td><\/tr><tr><td>Krzysztof <strong>Szczepaniak<\/strong><\/td><td><strong>1974, Polen<\/strong><\/td><td><strong>31<\/strong><\/td><td><strong>Valgt<\/strong><\/td><\/tr><tr><td>Hans W. <strong>Hygen<\/strong><\/td><td><strong>1944, Norge<\/strong><\/td><td><strong>29<\/strong><\/td><td><strong>Valgt<\/strong><\/td><\/tr><tr><td>Jonas <strong>Gudelis<\/strong><\/td><td><strong>1969, Litauen<\/strong><\/td><td><strong>28<\/strong><\/td><td><strong>Valgt<\/strong><\/td><\/tr><tr><td>Vivian Chinyere <strong>Ugwu<\/strong><\/td><td><strong>1980, Nigeria<\/strong><\/td><td><strong>22<\/strong><\/td><td><strong>Valgt <\/strong><\/td><\/tr><tr><td>Knut Honor\u00e9 <strong>Barra<\/strong><\/td><td><strong>1954, Norge<\/strong><\/td><td><strong>21<\/strong><\/td><td><strong>Valgt<\/strong><\/td><\/tr><tr><td><\/td><td><\/td><td><\/td><td><\/td><\/tr><tr><td>Jean Caryl <strong>Sumanilog<\/strong><\/td><td><strong>1974, Filippinene<\/strong><\/td><td><strong>20<\/strong><\/td><td><\/td><\/tr><tr><td>Lucelia Miranda <strong>Slettingdalen<\/strong><\/td><td><strong>1978, Brasil<\/strong><\/td><td><strong>20<\/strong><\/td><td><\/td><\/tr><tr><td>Eyob Tekeste <strong>Fisha<\/strong><\/td><td><strong>1984, Eritrea<\/strong><\/td><td> <strong>9<\/strong><\/td><td><\/td><\/tr><tr><td><\/td><td><\/td><td><\/td><td><\/td><\/tr><\/tbody><\/table><\/figure>\n","protected":false},"excerpt":{"rendered":"<p>Det nye menighetsr\u00e5det ble i desember 2024 valgt for to \u00e5r: Sognepresten f. Claes Tande (formann, som bestemt i bisped\u00f8mmets statutter for menighetsr\u00e5d) Valgte medlemmer: Vivian Chinyere Ugwu (19.mars valgt av medlemmene i menighetsr\u00e5det til leder av r\u00e5det) Knut Barra &hellip; <a href=\"https:\/\/sandefjord.katolsk.no\/?p=17050\">Les videre <span class=\"meta-nav\">&rarr;<\/span><\/a><\/p>\n","protected":false},"author":3,"featured_media":0,"comment_status":"open","ping_status":"open","sticky":false,"template":"","format":"standard","meta":{"footnotes":""},"categories":[12,1],"tags":[],"class_list":["post-17050","post","type-post","status-publish","format-standard","hentry","category-hjelp-og-kontakt","category-ukategorisert"],"_links":{"self":[{"href":"https:\/\/sandefjord.katolsk.no\/index.php?rest_route=\/wp\/v2\/posts\/17050","targetHints":{"allow":["GET"]}}],"collection":[{"href":"https:\/\/sandefjord.katolsk.no\/index.php?rest_route=\/wp\/v2\/posts"}],"about":[{"href":"https:\/\/sandefjord.katolsk.no\/index.php?rest_route=\/wp\/v2\/types\/post"}],"author":[{"embeddable":true,"href":"https:\/\/sandefjord.katolsk.no\/index.php?rest_route=\/wp\/v2\/users\/3"}],"replies":[{"embeddable":true,"href":"https:\/\/sandefjord.katolsk.no\/index.php?rest_route=%2Fwp%2Fv2%2Fcomments&post=17050"}],"version-history":[{"count":7,"href":"https:\/\/sandefjord.katolsk.no\/index.php?rest_route=\/wp\/v2\/posts\/17050\/revisions"}],"predecessor-version":[{"id":17277,"href":"https:\/\/sandefjord.katolsk.no\/index.php?rest_route=\/wp\/v2\/posts\/17050\/revisions\/17277"}],"wp:attachment":[{"href":"https:\/\/sandefjord.katolsk.no\/index.php?rest_route=%2Fwp%2Fv2%2Fmedia&parent=17050"}],"wp:term":[{"taxonomy":"category","embeddable":true,"href":"https:\/\/sandefjord.katolsk.no\/index.php?rest_route=%2Fwp%2Fv2%2Fcategories&post=17050"},{"taxonomy":"post_tag","embeddable":true,"href":"https:\/\/sandefjord.katolsk.no\/index.php?rest_route=%2Fwp%2Fv2%2Ftags&post=17050"}],"curies":[{"name":"wp","href":"https:\/\/api.w.org\/{rel}","templated":true}]}}