{"id":879,"date":"2020-06-30T09:40:54","date_gmt":"2020-06-30T07:40:54","guid":{"rendered":"http:\/\/sandefjord.katolsk.no\/?p=879"},"modified":"2022-02-01T22:09:48","modified_gmt":"2022-02-01T21:09:48","slug":"vellykket-10-ars-jubileum","status":"publish","type":"post","link":"https:\/\/sandefjord.katolsk.no\/?p=879","title":{"rendered":"VELLYKKET 10-\u00c5RS JUBILEUM"},"content":{"rendered":"<p>EN STOR TAKK til alle som bidro til \u00e5 gj\u00f8re v\u00e5rt ti\u00e5rs jubileum som menighet s\u00e5 vellykket. De som planla, vasket, pyntet, sang, leste, ministrerte, streamet p\u00e5 facebook, forberedte maten, tilrettela serveringen etterp\u00e5.<\/p>\n<p>Vi feiret p\u00e5 s\u00f8ndag 28. juni 2020, men menigheten ble opprettet til  St .Hans den 24. juni 2010. &laquo;I gamle dager&raquo; var det annerledes, verken koronavirus eller arbeidsdag i Sandefjord til St.Hans.<\/p>\n<p>Det kom akkurat s\u00e5 mange som kirken kunne t\u00e5le med v\u00e5re antallsbegrensninger (det var 50 som skrev seg opp og noen ekstra som glemte \u00e5 gj\u00f8re det, og noen som forberedte i menighetssalen).<\/p>\n<p>Til feiringen fikk vi gaver (i tillegg til det vi evt oppdager p\u00e5 Vipps 11567 etterhvert). Foruten kollekten har v\u00e5 f\u00e5tt et nytt alterkrusifiks, nytt lesestativ p\u00e5 messeboken p\u00e5 alteret, en gong til bruk ved forvandlingen.  Vi fikk blomster og muntlige hilsener (St.Olav\/T\u00f8nsberg), og skriftlige fra T\u00f8nsbergs sogneprest anno 2020 (p Pham huu Y), fra fransiskenerklosterert i Larvik, fra menigheten St.Frans\/Larvik, fra den litauiske sjelesorger p. Valdemaras Lisovskis.<\/p>\n<p>Det var nok mat, barna likte b\u00e5de kaken, isen og p\u00f8lsene. Og de voksne ogs\u00e5. Synd at ikke gikk \u00e5 sitte utend\u00f8rs p\u00e5 grunn av skyene og dr\u00e5pene, men det gikk likevel veldig fint.<\/p>\n<p>Tilfeldighetene (?) ville det slik at det katolske tidsskriftet St. Olav kom ut kort tid f\u00f8r jubileet, og at det akkurat i dette nummeret var flere sider som handlet om v\u00e5r menighet. Du finner det p\u00e5 nettet:<br \/>\nhttp:\/\/www.katolsk.no\/organisasjon\/norge\/kirkebladet\/index#arkiv KLIKK p\u00e5 2\/2020 (p\u00e5 damen fra Kongo), og bla til sidene 28-33.<\/p>\n","protected":false},"excerpt":{"rendered":"<p>EN STOR TAKK til alle som bidro til \u00e5 gj\u00f8re v\u00e5rt ti\u00e5rs jubileum som menighet s\u00e5 vellykket. De som planla, vasket, pyntet, sang, leste, ministrerte, streamet p\u00e5 facebook, forberedte maten, tilrettela serveringen etterp\u00e5. Vi feiret p\u00e5 s\u00f8ndag 28. juni 2020, &hellip; <a href=\"https:\/\/sandefjord.katolsk.no\/?p=879\">Les videre <span class=\"meta-nav\">&rarr;<\/span><\/a><\/p>\n","protected":false},"author":3,"featured_media":0,"comment_status":"open","ping_status":"open","sticky":false,"template":"","format":"standard","meta":{"footnotes":""},"categories":[1],"tags":[],"class_list":["post-879","post","type-post","status-publish","format-standard","hentry","category-ukategorisert"],"_links":{"self":[{"href":"https:\/\/sandefjord.katolsk.no\/index.php?rest_route=\/wp\/v2\/posts\/879","targetHints":{"allow":["GET"]}}],"collection":[{"href":"https:\/\/sandefjord.katolsk.no\/index.php?rest_route=\/wp\/v2\/posts"}],"about":[{"href":"https:\/\/sandefjord.katolsk.no\/index.php?rest_route=\/wp\/v2\/types\/post"}],"author":[{"embeddable":true,"href":"https:\/\/sandefjord.katolsk.no\/index.php?rest_route=\/wp\/v2\/users\/3"}],"replies":[{"embeddable":true,"href":"https:\/\/sandefjord.katolsk.no\/index.php?rest_route=%2Fwp%2Fv2%2Fcomments&post=879"}],"version-history":[{"count":3,"href":"https:\/\/sandefjord.katolsk.no\/index.php?rest_route=\/wp\/v2\/posts\/879\/revisions"}],"predecessor-version":[{"id":1032,"href":"https:\/\/sandefjord.katolsk.no\/index.php?rest_route=\/wp\/v2\/posts\/879\/revisions\/1032"}],"wp:attachment":[{"href":"https:\/\/sandefjord.katolsk.no\/index.php?rest_route=%2Fwp%2Fv2%2Fmedia&parent=879"}],"wp:term":[{"taxonomy":"category","embeddable":true,"href":"https:\/\/sandefjord.katolsk.no\/index.php?rest_route=%2Fwp%2Fv2%2Fcategories&post=879"},{"taxonomy":"post_tag","embeddable":true,"href":"https:\/\/sandefjord.katolsk.no\/index.php?rest_route=%2Fwp%2Fv2%2Ftags&post=879"}],"curies":[{"name":"wp","href":"https:\/\/api.w.org\/{rel}","templated":true}]}}